[{"@context":"https:\/\/schema.org\/","@type":"Article","@id":"https:\/\/www.kisjmk.cz\/detem-jen-to-nejlepsi\/#Article","mainEntityOfPage":"https:\/\/www.kisjmk.cz\/detem-jen-to-nejlepsi\/","headline":"D\u011btem jen to nejlep\u0161\u00ed","name":"D\u011btem jen to nejlep\u0161\u00ed","description":"V d\u011btsk\u00e9m pokoji ob\u010das mus\u00edte vym\u011bnit n\u011bjak\u00fd ten n\u00e1bytek, proto\u017ee ti va\u0161i nejmilej\u0161\u00ed rostou jako z vody a v\u0161echno jim je brzy mal\u00e9 \u010di kr\u00e1tk\u00e9. Stoli\u010dka u stolku sice rostla s d\u00edtky, ale te\u010f u\u017e t\u00e9m\u011b\u0159 \u0161kol\u00e1ci budou pot\u0159ebovat pohodln\u00e1 a ergonomicky tvarovan\u00e1 k\u0159esla nebo \u017eidle, o postel\u00edch, kter\u00e9 jsou d\u011btem tak\u00e9 u\u017e mal\u00e9, ani nemluv\u011b. Pokoj\u00ed\u010dek podle posledn\u00ed m\u00f3dy Po\u0159i\u010fte tedy n\u011bco, z \u010deho u\u017e nevyrostou. Obejd\u011bte i patrov\u00e9 postele \u010di vyv\u00fd\u0161en\u00e9 lehac\u00ed plochy, myslete p\u0159ece na v\u011bk teenager\u016f,&hellip;","datePublished":"2025-02-27","dateModified":"2025-02-27","author":{"@type":"Person","@id":"https:\/\/www.kisjmk.cz\/author\/#Person","name":"kisjmk.cz\n","url":"https:\/\/www.kisjmk.cz\/author\/","identifier":1,"image":{"@type":"ImageObject","@id":"https:\/\/secure.gravatar.com\/avatar\/4c6f4cec51e1a1b20d9361c6367b917eb8db239c023f88502d2833b745a358d4?s=96&d=mm&r=g","url":"https:\/\/secure.gravatar.com\/avatar\/4c6f4cec51e1a1b20d9361c6367b917eb8db239c023f88502d2833b745a358d4?s=96&d=mm&r=g","height":96,"width":96}},"publisher":{"@type":"Organization","name":"kisjmk.cz","logo":{"@type":"ImageObject","@id":"\/logo.png","url":"\/logo.png","width":600,"height":60}},"url":"https:\/\/www.kisjmk.cz\/detem-jen-to-nejlepsi\/","wordCount":164,"articleBody":"V d\u011btsk\u00e9m pokoji ob\u010das mus\u00edte vym\u011bnit n\u011bjak\u00fd ten n\u00e1bytek, proto\u017ee ti va\u0161i nejmilej\u0161\u00ed rostou jako z vody a v\u0161echno jim je brzy mal\u00e9 \u010di kr\u00e1tk\u00e9. Stoli\u010dka u stolku sice rostla s d\u00edtky, ale te\u010f u\u017e t\u00e9m\u011b\u0159 \u0161kol\u00e1ci budou pot\u0159ebovat pohodln\u00e1 a ergonomicky tvarovan\u00e1 k\u0159esla nebo \u017eidle, o postel\u00edch, kter\u00e9 jsou d\u011btem tak\u00e9 u\u017e mal\u00e9, ani nemluv\u011b. Pokoj\u00ed\u010dek podle posledn\u00ed m\u00f3dy Po\u0159i\u010fte tedy n\u011bco, z \u010deho u\u017e nevyrostou. Obejd\u011bte i patrov\u00e9 postele \u010di vyv\u00fd\u0161en\u00e9 lehac\u00ed plochy, myslete p\u0159ece na v\u011bk teenager\u016f, kte\u0159\u00ed budou pot\u0159ebovat n\u011bco nad\u010dasov\u00e9ho. Takov\u00e9 post\u00fdlkynavr\u017een\u00e9 p\u0159\u00edmo pro mladistv\u00e9 v\u010detn\u011b matrac\u00ed m\u016f\u017eete tak\u00e9 rovnou doplnit i v\u011bt\u0161\u00edm pol\u0161t\u00e1\u0159em a p\u0159ikr\u00fdvkou. Lo\u017en\u00ed v zaj\u00edmav\u00e9m designov\u00e9m proveden\u00ed daj\u00ed \u00fatuln\u00e9mu nov\u00e9mu pokoj\u00edku punc exkluzivity.                                                                                                                                                                                                                                                                                                                                                                                        3.5\/5 - (2 votes)        "},{"@context":"https:\/\/schema.org\/","@type":"BreadcrumbList","itemListElement":[{"@type":"ListItem","position":1,"name":"D\u011btem jen to nejlep\u0161\u00ed","item":"https:\/\/www.kisjmk.cz\/detem-jen-to-nejlepsi\/#breadcrumbitem"}]}]