[{"@context":"https:\/\/schema.org\/","@type":"Article","@id":"https:\/\/www.kisjmk.cz\/namontujeme-vam-klimatizaci\/#Article","mainEntityOfPage":"https:\/\/www.kisjmk.cz\/namontujeme-vam-klimatizaci\/","headline":"Namontujeme v\u00e1m klimatizaci","name":"Namontujeme v\u00e1m klimatizaci","description":"Stala se v\u00e1m dopravn\u00ed nehoda a va\u0161e vozidlo pot\u0159ebuje opravit? Zastavte se u n\u00e1s a my se o n\u011bho v na\u0161em Audi servisu dob\u0159e postar\u00e1me. Zvl\u00e1dneme zajistit i vy\u0159\u00edzen\u00ed pojistn\u00e9 ud\u00e1losti. M\u00e1me kompetentn\u00edho pracovn\u00edka, kter\u00fd v\u0161e projedn\u00e1 s va\u0161\u00ed poji\u0161\u0165ovnou. Nebudete se tak muset o tuto z\u00e1le\u017eitost starat. U\u0161et\u0159\u00edme v\u00e1m zbyte\u010dn\u00e9 nervy a spoustu \u010dasu. Va\u0161e auta sv\u011b\u0159te do rukou na\u0161ich odborn\u00edk\u016f R\u00e1di bychom upozornili v\u0161echny, kte\u0159\u00ed pot\u0159ebuj\u00ed poradit se sv\u00fdm vozidlem, aby p\u0159ijeli do na\u0161eho Audi servisu. M\u00e1me perfektn\u011b&hellip;","datePublished":"2025-08-25","dateModified":"2025-08-25","author":{"@type":"Person","@id":"https:\/\/www.kisjmk.cz\/author\/#Person","name":"kisjmk.cz\n","url":"https:\/\/www.kisjmk.cz\/author\/","identifier":1,"image":{"@type":"ImageObject","@id":"https:\/\/secure.gravatar.com\/avatar\/4c6f4cec51e1a1b20d9361c6367b917eb8db239c023f88502d2833b745a358d4?s=96&d=mm&r=g","url":"https:\/\/secure.gravatar.com\/avatar\/4c6f4cec51e1a1b20d9361c6367b917eb8db239c023f88502d2833b745a358d4?s=96&d=mm&r=g","height":96,"width":96}},"publisher":{"@type":"Organization","name":"kisjmk.cz","logo":{"@type":"ImageObject","@id":"\/logo.png","url":"\/logo.png","width":600,"height":60}},"url":"https:\/\/www.kisjmk.cz\/namontujeme-vam-klimatizaci\/","wordCount":167,"articleBody":"Stala se v\u00e1m dopravn\u00ed nehoda a va\u0161e vozidlo pot\u0159ebuje opravit? Zastavte se u n\u00e1s a my se o n\u011bho v na\u0161em Audi servisu dob\u0159e postar\u00e1me. Zvl\u00e1dneme zajistit i vy\u0159\u00edzen\u00ed pojistn\u00e9 ud\u00e1losti. M\u00e1me kompetentn\u00edho pracovn\u00edka, kter\u00fd v\u0161e projedn\u00e1 s va\u0161\u00ed poji\u0161\u0165ovnou. Nebudete se tak muset o tuto z\u00e1le\u017eitost starat. U\u0161et\u0159\u00edme v\u00e1m zbyte\u010dn\u00e9 nervy a spoustu \u010dasu. Va\u0161e auta sv\u011b\u0159te do rukou na\u0161ich odborn\u00edk\u016f R\u00e1di bychom upozornili v\u0161echny, kte\u0159\u00ed pot\u0159ebuj\u00ed poradit se sv\u00fdm vozidlem, aby p\u0159ijeli do na\u0161eho Audi servisu. M\u00e1me perfektn\u011b pro\u0161kolen\u00fd person\u00e1l, kter\u00fd to zvl\u00e1dne. M\u00e1me i pot\u0159ebn\u00e9 technick\u00e9 vybaven\u00ed, bez kter\u00e9ho bychom se z\u0159ejm\u011b neobe\u0161li. P\u0159\u00edpadn\u00e9 zji\u0161t\u011bn\u00e9 poruchy oprav\u00edme. Tak nev\u00e1hejte a p\u0159ije\u010fte. T\u011b\u0161\u00edme se na na\u0161i spole\u010dnou spolupr\u00e1ci. Jsme tady pro v\u00e1s.                                                                                                                                                                                                                                                                                                                                                                                                "},{"@context":"https:\/\/schema.org\/","@type":"BreadcrumbList","itemListElement":[{"@type":"ListItem","position":1,"name":"Namontujeme v\u00e1m klimatizaci","item":"https:\/\/www.kisjmk.cz\/namontujeme-vam-klimatizaci\/#breadcrumbitem"}]}]