[{"@context":"https:\/\/schema.org\/","@type":"Article","@id":"https:\/\/www.kisjmk.cz\/profesionalni-foceni-tech-nejmensich\/#Article","mainEntityOfPage":"https:\/\/www.kisjmk.cz\/profesionalni-foceni-tech-nejmensich\/","headline":"Profesion\u00e1ln\u00ed focen\u00ed t\u011bch nejmen\u0161\u00edch","name":"Profesion\u00e1ln\u00ed focen\u00ed t\u011bch nejmen\u0161\u00edch","description":"Nen\u00ed kr\u00e1sn\u011bj\u0161\u00edho okam\u017eiku, ne\u017e kdy\u017e si dom\u016f z porodnice p\u0159inesete ten kr\u00e1sn\u00fd uzl\u00ed\u010dek \u0161t\u011bst\u00ed, kter\u00fd se v\u00e1m narodil. Zachy\u0165te tyto kr\u00e1sn\u00e9 okam\u017eiky novorozeneck\u00e9ho obdob\u00ed a uchovejte si vzpom\u00ednky na prvn\u00ed t\u00fddny \u017eivota va\u0161eho d\u011b\u0165\u00e1tka. Nav\u0161tivte s va\u0161\u00edm mal\u00fdm d\u011b\u0165\u00e1tkem profesion\u00e1ln\u00ed ateli\u00e9r, kter\u00fd se krom\u011b jin\u00e9ho zam\u011b\u0159uje tak\u00e9 na focen\u00ed miminek. Newborn focen\u00ed \u2013 barevn\u00e9 vzpom\u00ednky na pap\u00ed\u0159e Pokud jste se rozhodli nav\u0161t\u00edvit profesion\u00e1ln\u00ed ateli\u00e9r, rozhodn\u011b s va\u0161\u00edm d\u011b\u0165\u00e1tkem absolvujte newborn focen\u00ed. Ide\u00e1ln\u00edm obdob\u00edm pro vznik t\u011bch nejkr\u00e1sn\u011bj\u0161\u00edch a nejroztomilej\u0161\u00edch sn\u00edmk\u016f,&hellip;","datePublished":"2017-08-18","dateModified":"2023-10-31","author":{"@type":"Person","@id":"https:\/\/www.kisjmk.cz\/author\/#Person","name":"kisjmk.cz\n","url":"https:\/\/www.kisjmk.cz\/author\/","identifier":1,"image":{"@type":"ImageObject","@id":"https:\/\/secure.gravatar.com\/avatar\/4c6f4cec51e1a1b20d9361c6367b917eb8db239c023f88502d2833b745a358d4?s=96&d=mm&r=g","url":"https:\/\/secure.gravatar.com\/avatar\/4c6f4cec51e1a1b20d9361c6367b917eb8db239c023f88502d2833b745a358d4?s=96&d=mm&r=g","height":96,"width":96}},"publisher":{"@type":"Organization","name":"kisjmk.cz","logo":{"@type":"ImageObject","@id":"\/logo.png","url":"\/logo.png","width":600,"height":60}},"image":{"@type":"ImageObject","@id":"https:\/\/www.kisjmk.cz\/wp-content\/uploads\/img_a296911_w2178_t1507710335.jpg","url":"https:\/\/www.kisjmk.cz\/wp-content\/uploads\/img_a296911_w2178_t1507710335.jpg","height":0,"width":0},"url":"https:\/\/www.kisjmk.cz\/profesionalni-foceni-tech-nejmensich\/","about":["Slu\u017eby"],"wordCount":398,"articleBody":"          Nen\u00ed kr\u00e1sn\u011bj\u0161\u00edho okam\u017eiku, ne\u017e kdy\u017e si dom\u016f z porodnice p\u0159inesete ten kr\u00e1sn\u00fd uzl\u00ed\u010dek \u0161t\u011bst\u00ed, kter\u00fd se v\u00e1m narodil. Zachy\u0165te tyto kr\u00e1sn\u00e9 okam\u017eiky novorozeneck\u00e9ho obdob\u00ed a uchovejte si vzpom\u00ednky na prvn\u00ed t\u00fddny \u017eivota va\u0161eho d\u011b\u0165\u00e1tka. Nav\u0161tivte s va\u0161\u00edm mal\u00fdm d\u011b\u0165\u00e1tkem profesion\u00e1ln\u00ed ateli\u00e9r, kter\u00fd se krom\u011b jin\u00e9ho zam\u011b\u0159uje tak\u00e9 na focen\u00ed miminek.Newborn focen\u00ed \u2013 barevn\u00e9 vzpom\u00ednky na pap\u00ed\u0159e Pokud jste se rozhodli nav\u0161t\u00edvit profesion\u00e1ln\u00ed ateli\u00e9r, rozhodn\u011b s va\u0161\u00edm d\u011b\u0165\u00e1tkem absolvujte newborn focen\u00ed. Ide\u00e1ln\u00edm obdob\u00edm pro vznik t\u011bch nejkr\u00e1sn\u011bj\u0161\u00edch a nejroztomilej\u0161\u00edch sn\u00edmk\u016f, na kter\u00fdch d\u011b\u0165\u00e1tka spinkaj\u00ed je pr\u00e1v\u011b novorozeneck\u00e9 obdob\u00ed \u2013 prvn\u00ed t\u00fddny po porodu, kdy je\u0161t\u011b d\u011b\u0165\u00e1tko v\u011bt\u0161inu \u010dasu prosp\u00ed. V takov\u00e9m okam\u017eiku pak vznikaj\u00ed n\u00e1dhern\u00e9 sn\u00edmky sp\u00edc\u00edch d\u011bt\u00ed v prout\u011bn\u00e9m ko\u0161\u00edku, na dece nebo u rodi\u010d\u016f v n\u00e1ru\u010d\u00ed. Na kr\u00e1sn\u00fdch obr\u00e1zc\u00edch v\u00e1m tak vzniknou momenty, kdy va\u0161e d\u011b\u0165\u00e1tko sladce spink\u00e1 jako and\u00edlek. Hol\u010di\u010dky m\u016f\u017eete nechat ozdobit r\u016fzn\u00fdmi rozko\u0161n\u00fdmi r\u016f\u017eov\u00fdmi \u010delenkami a de\u010dkami, pro chlape\u010dky je pak samoz\u0159ejmost\u00ed modr\u00e1 varianta. Vytvo\u0159te si kr\u00e1sn\u00e9 vzpom\u00ednky v podob\u011b profesion\u00e1ln\u00edch fotek a zachy\u0165te okam\u017eiky, kter\u00e9 se v\u00e1m nav\u017edy vryj\u00ed do pam\u011bti. Zachy\u0165te va\u0161e jedine\u010dn\u00e9 a nezapomenuteln\u00e9 vzpom\u00ednky na pap\u00edr. Zastavte alespo\u0148 na chv\u00edli \u010das, ne\u017e va\u0161e d\u011b\u0165\u00e1tko vyroste do batolec\u00edho v\u011bku a p\u0159ipom\u00ednejte si pozd\u011bji tyto okam\u017eiky na kr\u00e1sn\u00fdch newborn sn\u00edmc\u00edch vznikl\u00fdch v ateli\u00e9ru. Tyto sn\u00edmky se tak\u00e9 mohou st\u00e1t d\u00e1rkem a ty nejpoveden\u011bj\u0161\u00ed si zaslou\u017e\u00ed d\u00e1t zar\u00e1movat. A\u017e budete m\u00edt pozd\u011bji volnou chvilku, r\u00e1di si p\u0159i prohl\u00ed\u017een\u00ed t\u011bchto sn\u00edmk\u016f zavzpom\u00edn\u00e1te na to, jak bylo va\u0161e d\u011b\u0165\u00e1tko malinkat\u00e9 a nevinn\u00e9 jako and\u00edlek.Uchovejte si pam\u00e1tku na novorozeneck\u00e9 obdob\u00ed nejen ve va\u0161\u00ed pam\u011bti, ale tak\u00e9 na profesion\u00e1ln\u00edch newborn sn\u00edmc\u00edch, kter\u00e9 budou z\u00e1sluhou zku\u0161en\u00e9 profesion\u00e1ln\u00ed fotografky.                                                                                                                                                                                                                                                                                                                                                                                          3.8\/5 - (10 votes)        "},{"@context":"https:\/\/schema.org\/","@type":"BreadcrumbList","itemListElement":[{"@type":"ListItem","position":1,"name":"Profesion\u00e1ln\u00ed focen\u00ed t\u011bch nejmen\u0161\u00edch","item":"https:\/\/www.kisjmk.cz\/profesionalni-foceni-tech-nejmensich\/#breadcrumbitem"}]}]